{"id":3854,"date":"2021-04-09T15:14:30","date_gmt":"2021-04-09T15:14:30","guid":{"rendered":"https:\/\/kecheslaw.com\/?p=3854"},"modified":"2021-04-09T15:14:32","modified_gmt":"2021-04-09T15:14:32","slug":"ptsd-and-workers-compensation-do-i-have-a-claim","status":"publish","type":"post","link":"https:\/\/kecheslaw.com\/pt\/noticias\/ptsd-and-workers-compensation-do-i-have-a-claim\/","title":{"rendered":"PTSD e Remunera\u00e7\u00e3o dos Trabalhadores: Eu tenho uma reivindica\u00e7\u00e3o?"},"content":{"rendered":"<p class=\"wp-block-paragraph\">O PTSD tem impacto sobre milh\u00f5es de americanos. Se voc\u00ea for um deles, pode ter um pedido de indeniza\u00e7\u00e3o dos trabalhadores.<\/p>\n\n\n\n<h2 class=\"wp-block-heading\" id=\"h-what-is-ptsd\">O que \u00e9 PTSD?<\/h2>\n\n\n\n<p class=\"wp-block-paragraph\">O transtorno de estresse p\u00f3s-traum\u00e1tico, mais conhecido por sua sigla, \"PTSD\", \u00e9 um <a href=\"https:\/\/www.ptsd.va.gov\/understand\/what\/ptsd_basics.asp\" target=\"_blank\" rel=\"noreferrer noopener\">estado de sa\u00fade mental<\/a>. Aqueles que sofreram ou testemunharam eventos traum\u00e1ticos podem sofrer de sintomas de TEPT. <\/p>\n\n\n\n<p class=\"wp-block-paragraph\">Normalmente, quando as pessoas ouvem \"PTSD\", elas pensam em traumas relacionados \u00e0 guerra ou ao combate. Isto se deve ao fato de que o PTSD \u00e9 <a href=\"https:\/\/www.psychiatry.org\/patients-families\/ptsd\/what-is-ptsd\" target=\"_blank\" rel=\"noreferrer noopener\">comumente chamado<\/a> \"choque de concha\" ou \"combate \u00e0 fadiga\". No entanto, as experi\u00eancias traum\u00e1ticas n\u00e3o se limitam \u00e0quelas vividas pelo pessoal militar. <\/p>\n\n\n\n<p class=\"wp-block-paragraph\">Por exemplo, o Centro Nacional de PTSD <a href=\"https:\/\/www.ptsd.va.gov\/professional\/treat\/type\/\" target=\"_blank\" rel=\"noreferrer noopener\">organiza as fontes de trauma em tr\u00eas categorias distintas<\/a>: guerra e combate, viol\u00eancia e abuso, e desastre e terrorismo.<\/p>\n\n\n\n<p class=\"wp-block-paragraph\">Qualquer pessoa pode experimentar o PTSD. Na verdade, o PTSD afeta <a href=\"https:\/\/www.psychiatry.org\/patients-families\/ptsd\/what-is-ptsd\" target=\"_blank\" rel=\"noreferrer noopener\">3.5%<\/a> de adultos nos Estados Unidos a cada ano.<\/p>\n\n\n\n<p class=\"wp-block-paragraph\">T\u00edpico PTSD <a href=\"https:\/\/www.psychiatry.org\/patients-families\/ptsd\/what-is-ptsd\" target=\"_blank\" rel=\"noreferrer noopener\">Os sintomas incluem<\/a>: <\/p>\n\n\n\n<ul class=\"wp-block-list\"><li>Pensamentos e sentimentos intensos ou perturbadores relacionados com o trauma sofrido muito depois de ter ocorrido <\/li><li>Flashbacks ou pesadelos<\/li><li>Tristeza, medo ou raiva<\/li><li>Sentimentos de desapego ou distanciamento de entes queridos<\/li><li>Evitar certas situa\u00e7\u00f5es ou pessoas que lembrem o indiv\u00edduo do trauma sofrido <\/li><li>Fortes rea\u00e7\u00f5es negativas a ocorr\u00eancias comuns (ou seja, ru\u00eddos fortes ou toques acidentais)<\/li><\/ul>\n\n\n\n<p class=\"wp-block-paragraph\">Se voc\u00ea acredita ter PTSD, contate seu m\u00e9dico para um diagn\u00f3stico m\u00e9dico adequado.<\/p>\n\n\n\n<h2 class=\"wp-block-heading\" id=\"h-work-related-ptsd\">PTSD relacionado ao trabalho<\/h2>\n\n\n\n<p class=\"wp-block-paragraph\">O PTSD ap\u00f3s um incidente relacionado ao trabalho \u00e9 mais comum do que se poderia esperar.<\/p>\n\n\n\n<p class=\"wp-block-paragraph\">No local de trabalho, o PTSD pode ocorrer ap\u00f3s um empregado sustentar ou ver um <a href=\"https:\/\/www.safetyandhealthmagazine.com\/articles\/16384-post-traumatic-stress-disorder-in-the-workplace\" target=\"_blank\" rel=\"noreferrer noopener\">ferimentos que amea\u00e7am a vida<\/a> ou seguindo o <a href=\"https:\/\/www.safetyandhealthmagazine.com\/articles\/16384-post-traumatic-stress-disorder-in-the-workplace\" target=\"_blank\" rel=\"noreferrer noopener\">morte de um colega de trabalho<\/a>. Al\u00e9m disso, incidentes tais como <a href=\"https:\/\/www.psychologytoday.com\/us\/blog\/somatic-psychology\/201103\/child-bullyings-consequence-adult-ptsd\" target=\"_blank\" rel=\"noreferrer noopener\">bullying<\/a> e <a href=\"https:\/\/www.osha.gov\/workplace-violence\" target=\"_blank\" rel=\"noreferrer noopener\">viol\u00eancia no local de trabalho<\/a> pode contribuir para o PTSD tamb\u00e9m. <\/p>\n\n\n\n<p class=\"wp-block-paragraph\"><a href=\"https:\/\/www.safetyandhealthmagazine.com\/articles\/16384-post-traumatic-stress-disorder-in-the-workplace\" target=\"_blank\" rel=\"noreferrer noopener\">Algumas profiss\u00f5es<\/a> est\u00e3o mais aptos a ver casos de PTSD. Por exemplo, param\u00e9dicos, bombeiros, pol\u00edcia, receptores de despacho, oficiais de corre\u00e7\u00e3o, m\u00e9dicos, enfermeiros e, como mencionado anteriormente, pessoal militar, experimentam o PTSD com mais freq\u00fc\u00eancia do que outros trabalhadores. <\/p>\n\n\n\n<p class=\"wp-block-paragraph\">Se voc\u00ea j\u00e1 experimentou um dos eventos acima, ou algo similar, voc\u00ea pode ser eleg\u00edvel para <a href=\"https:\/\/kecheslaw.com\/pt\/areas-de-pratica\/compensacao-aos-trabalhadores\/\" target=\"_blank\" rel=\"noreferrer noopener\">remunera\u00e7\u00e3o dos trabalhadores<\/a>.<\/p>\n\n\n\n<h2 class=\"wp-block-heading\" id=\"h-eligibility-for-ptsd-workers-compensation-state-by-state\">Elegibilidade para o PTSD Workers' Compensation State by State<\/h2>\n\n\n\n<p class=\"wp-block-paragraph\">A elegibilidade para a remunera\u00e7\u00e3o de trabalhadores relacionados ao PTSD varia de estado para estado. <\/p>\n\n\n\n<p class=\"wp-block-paragraph\">O Keches Law Group representa clientes em Massachusetts, New Hampshire, e Rhode Island.<\/p>\n\n\n\n<h3 class=\"wp-block-heading\" id=\"h-massachusetts\">Massachusetts <\/h3>\n\n\n\n<p class=\"wp-block-paragraph\"><a href=\"https:\/\/malegislature.gov\/Laws\/GeneralLaws\/PartI\/TitleXXI\/Chapter152\/Section1\" target=\"_blank\" rel=\"noreferrer noopener\">Sob a lei de Massachusetts<\/a>Os funcion\u00e1rios podem se recuperar por \"defici\u00eancias emocionais somente quando a causa predominante que contribui para tal defici\u00eancia for um evento ou s\u00e9rie de eventos que ocorram dentro de qualquer emprego\". <\/p>\n\n\n\n<p class=\"wp-block-paragraph\">\"Defici\u00eancias emocionais\" tem uma defini\u00e7\u00e3o ampla e inclui condi\u00e7\u00f5es como o PTSD. <\/p>\n\n\n\n<p class=\"wp-block-paragraph\">Portanto, em Massachusetts, um empregado tem direito \u00e0 remunera\u00e7\u00e3o dos trabalhadores se os eventos no local de trabalho foram um fator primordial para ter causado seu TEPT.<\/p>\n\n\n\n<h3 class=\"wp-block-heading\" id=\"h-new-hampshire\">New Hampshire <\/h3>\n\n\n\n<p class=\"wp-block-paragraph\"><a href=\"http:\/\/www.gencourt.state.nh.us\/rsa\/html\/XXIII\/281-A\/281-A-2.htm\" target=\"_blank\" rel=\"noreferrer noopener\">New Hampshire<\/a> requer um elemento de manifesta\u00e7\u00e3o f\u00edsica para os pedidos de indeniza\u00e7\u00e3o dos trabalhadores.<\/p>\n\n\n\n<p class=\"wp-block-paragraph\">Al\u00e9m disso, as les\u00f5es mentais s\u00e3o <a href=\"http:\/\/www.gencourt.state.nh.us\/rsa\/html\/XXIII\/281-A\/281-A-2.htm\" target=\"_blank\" rel=\"noreferrer noopener\">n\u00e3o compens\u00e1vel<\/a> se causado por a\u00e7\u00e3o disciplinar, avalia\u00e7\u00e3o do trabalho, transfer\u00eancia de emprego, demiss\u00e3o, despromo\u00e7\u00e3o, rescis\u00e3o ou qualquer outra a\u00e7\u00e3o similar, tomada de boa f\u00e9 por um empregador.<\/p>\n\n\n\n<p class=\"wp-block-paragraph\">No entanto, <a href=\"https:\/\/www.nhbar.org\/sb59-creates-legal-presumption-for-first-responders-that-ptsd-is-work-related\/\" target=\"_blank\" rel=\"noreferrer noopener\">sob um novo estatuto<\/a>Os trabalhadores que sofrem de TEPT, resposta de emerg\u00eancia e seguran\u00e7a p\u00fablica n\u00e3o precisam apresentar sintomas f\u00edsicos para serem eleg\u00edveis para a compensa\u00e7\u00e3o dos trabalhadores. <\/p>\n\n\n\n<p class=\"wp-block-paragraph\">Para esclarecer, a resposta de emerg\u00eancia e os trabalhadores da seguran\u00e7a p\u00fablica s\u00e3o <a href=\"http:\/\/www.gencourt.state.nh.us\/rsa\/html\/XXIII\/281-A\/281-A-2.htm\" target=\"_blank\" rel=\"noreferrer noopener\">definido como<\/a>: chamadores, volunt\u00e1rios, ou bombeiros regulares, oficiais da lei certificados, oficiais de corre\u00e7\u00e3o do condado certificados, despachantes de comunica\u00e7\u00e3o de emerg\u00eancia e trabalhadores de resgate ou ambul\u00e2ncia, incluindo servi\u00e7o de ambul\u00e2ncia, pessoal m\u00e9dico de emerg\u00eancia, servi\u00e7o de primeiros socorros, e pessoal volunt\u00e1rio.<\/p>\n\n\n\n<h3 class=\"wp-block-heading\" id=\"h-rhode-island\">Rhode Island <\/h3>\n\n\n\n<p class=\"wp-block-paragraph\"><a href=\"http:\/\/webserver.rilin.state.ri.us\/Statutes\/TITLE28\/28-34\/28-34-2.HTM\" target=\"_blank\" rel=\"noreferrer noopener\">Em Rhode Island<\/a>Os funcion\u00e1rios impossibilitados de trabalhar por causa de uma doen\u00e7a ou condi\u00e7\u00e3o ocupacional podem receber a remunera\u00e7\u00e3o dos trabalhadores.<\/p>\n\n\n\n<p class=\"wp-block-paragraph\">Les\u00f5es mentais, como o PTSD, ser\u00e3o qualificadas como uma \"doen\u00e7a ou condi\u00e7\u00e3o ocupacional\" se: <\/p>\n\n\n\n<ul class=\"wp-block-list\" id=\"block-3bd25fbd-b587-4530-b878-f8f0604f899a\"><li>causado ou acompanhado por trauma f\u00edsico identific\u00e1vel, ou <\/li><li>causado pelo estresse emocional resultante de uma situa\u00e7\u00e3o de dimens\u00f5es maiores do que a tens\u00e3o e a tens\u00e3o emocional do dia-a-dia que todos os funcion\u00e1rios encontram diariamente, sem graves danos mentais.<\/li><\/ul>\n\n\n\n<h2 class=\"wp-block-heading\" id=\"h-do-you-think-you-have-a-ptsd-workers-compensation-claim-we-can-help\">Voc\u00ea acha que tem um Pedido de Indeniza\u00e7\u00e3o dos Trabalhadores PTSD? N\u00f3s podemos ajudar.<\/h2>\n\n\n\n<p class=\"wp-block-paragraph\">A navega\u00e7\u00e3o da remunera\u00e7\u00e3o dos trabalhadores \u00e9 complicada. Mas, os advogados especializados e experientes do Keches Law Group est\u00e3o preparados para auxili\u00e1-lo.<\/p>\n\n\n\n<p class=\"wp-block-paragraph\">Se voc\u00ea acredita que tem um pedido de indeniza\u00e7\u00e3o dos trabalhadores, o Keches Law Group pode ajudar! <a href=\"https:\/\/kecheslaw.com\/pt\/contato-us\/\" target=\"_blank\" rel=\"noreferrer noopener\">Contate-nos hoje<\/a>. <\/p>","protected":false},"excerpt":{"rendered":"<p>O TEPT afeta milh\u00f5es de americanos. Se voc\u00ea \u00e9 um deles, pode ter um pedido de indeniza\u00e7\u00e3o por acidente de trabalho. O que \u00e9 TEPT? O transtorno de estresse p\u00f3s-traum\u00e1tico, mais conhecido pelo acr\u00f4nimo \"TEPT\", \u00e9 uma condi\u00e7\u00e3o de sa\u00fade mental. Aqueles que vivenciaram ou testemunharam eventos traum\u00e1ticos podem sofrer de sintomas de TEPT. Normalmente, quando as pessoas ouvem \"TEPT\", elas pensam em ...<\/p>","protected":false},"author":2,"featured_media":3857,"comment_status":"closed","ping_status":"open","sticky":false,"template":"","format":"standard","meta":{"_genesis_hide_title":false,"_genesis_hide_breadcrumbs":false,"_genesis_hide_singular_image":false,"_genesis_hide_footer_widgets":false,"_genesis_custom_body_class":"","_genesis_custom_post_class":"","_genesis_layout":"","footnotes":""},"categories":[103],"tags":[],"class_list":["post-3854","post","type-post","status-publish","format-standard","has-post-thumbnail","category-news","entry"],"yoast_head":"<!-- This site is optimized with the Yoast SEO Premium plugin v20.6 (Yoast SEO v20.6) - https:\/\/yoast.com\/wordpress\/plugins\/seo\/ -->\n<title>PTSD Workers&#039; Comp: Do I Have a Claim? - Keches Law Group<\/title>\n<meta name=\"description\" content=\"Millions of Americans suffer from PTSD, many from work-related incidents. If you have PTSD, you may be eligible for workers&#039; compensation.\" \/>\n<meta name=\"robots\" content=\"index, follow, max-snippet:-1, max-image-preview:large, max-video-preview:-1\" \/>\n<link rel=\"canonical\" href=\"https:\/\/kecheslaw.com\/pt\/noticias\/ptsd-and-workers-compensation-do-i-have-a-claim\/\" \/>\n<meta property=\"og:locale\" content=\"pt_BR\" \/>\n<meta property=\"og:type\" content=\"article\" \/>\n<meta property=\"og:title\" content=\"PTSD and Workers&#039; Compensation: Do I Have a Claim?\" \/>\n<meta property=\"og:description\" content=\"Millions of Americans suffer from PTSD, many from work-related incidents. If you have PTSD, you may be eligible for workers&#039; compensation.\" \/>\n<meta property=\"og:url\" content=\"https:\/\/kecheslaw.com\/pt\/noticias\/ptsd-and-workers-compensation-do-i-have-a-claim\/\" \/>\n<meta property=\"og:site_name\" content=\"Keches Law Group\" \/>\n<meta property=\"article:publisher\" content=\"https:\/\/www.facebook.com\/kecheslaw\/\" \/>\n<meta property=\"article:published_time\" content=\"2021-04-09T15:14:30+00:00\" \/>\n<meta property=\"article:modified_time\" content=\"2021-04-09T15:14:32+00:00\" \/>\n<meta property=\"og:image\" content=\"https:\/\/kecheslaw.com\/wp-content\/uploads\/2021\/04\/pexels-cedric-fauntleroy-4270365.jpg\" \/>\n\t<meta property=\"og:image:width\" content=\"1280\" \/>\n\t<meta property=\"og:image:height\" content=\"853\" \/>\n\t<meta property=\"og:image:type\" content=\"image\/jpeg\" \/>\n<meta name=\"author\" content=\"Keches Law\" \/>\n<meta name=\"twitter:card\" content=\"summary_large_image\" \/>\n<meta name=\"twitter:creator\" content=\"@kecheslaw\" \/>\n<meta name=\"twitter:site\" content=\"@kecheslaw\" \/>\n<meta name=\"twitter:label1\" content=\"Escrito por\" \/>\n\t<meta name=\"twitter:data1\" content=\"Keches Law\" \/>\n\t<meta name=\"twitter:label2\" content=\"Est. tempo de leitura\" \/>\n\t<meta name=\"twitter:data2\" content=\"3 minutos\" \/>\n<script type=\"application\/ld+json\" class=\"yoast-schema-graph\">{\"@context\":\"https:\/\/schema.org\",\"@graph\":[{\"@type\":\"Article\",\"@id\":\"https:\/\/kecheslaw.com\/news\/ptsd-and-workers-compensation-do-i-have-a-claim\/#article\",\"isPartOf\":{\"@id\":\"https:\/\/kecheslaw.com\/news\/ptsd-and-workers-compensation-do-i-have-a-claim\/\"},\"author\":{\"name\":\"Keches Law\",\"@id\":\"https:\/\/kecheslaw.com\/#\/schema\/person\/2b52eae2dfe05fb8089bdb05ab48afb7\"},\"headline\":\"PTSD and Workers&#8217; Compensation: Do I Have a Claim?\",\"datePublished\":\"2021-04-09T15:14:30+00:00\",\"dateModified\":\"2021-04-09T15:14:32+00:00\",\"mainEntityOfPage\":{\"@id\":\"https:\/\/kecheslaw.com\/news\/ptsd-and-workers-compensation-do-i-have-a-claim\/\"},\"wordCount\":641,\"publisher\":{\"@id\":\"https:\/\/kecheslaw.com\/#organization\"},\"articleSection\":[\"News\"],\"inLanguage\":\"pt-BR\"},{\"@type\":\"WebPage\",\"@id\":\"https:\/\/kecheslaw.com\/news\/ptsd-and-workers-compensation-do-i-have-a-claim\/\",\"url\":\"https:\/\/kecheslaw.com\/news\/ptsd-and-workers-compensation-do-i-have-a-claim\/\",\"name\":\"PTSD Workers' Comp: Do I Have a Claim? - Keches Law Group\",\"isPartOf\":{\"@id\":\"https:\/\/kecheslaw.com\/#website\"},\"datePublished\":\"2021-04-09T15:14:30+00:00\",\"dateModified\":\"2021-04-09T15:14:32+00:00\",\"description\":\"Millions of Americans suffer from PTSD, many from work-related incidents. If you have PTSD, you may be eligible for workers' compensation.\",\"inLanguage\":\"pt-BR\",\"potentialAction\":[{\"@type\":\"ReadAction\",\"target\":[\"https:\/\/kecheslaw.com\/news\/ptsd-and-workers-compensation-do-i-have-a-claim\/\"]}]},{\"@type\":\"WebSite\",\"@id\":\"https:\/\/kecheslaw.com\/#website\",\"url\":\"https:\/\/kecheslaw.com\/\",\"name\":\"Keches Law Group\",\"description\":\"Workers&#039; Compensation and Injury Lawyers\",\"publisher\":{\"@id\":\"https:\/\/kecheslaw.com\/#organization\"},\"potentialAction\":[{\"@type\":\"SearchAction\",\"target\":{\"@type\":\"EntryPoint\",\"urlTemplate\":\"https:\/\/kecheslaw.com\/?s={search_term_string}\"},\"query-input\":\"required name=search_term_string\"}],\"inLanguage\":\"pt-BR\"},{\"@type\":\"Organization\",\"@id\":\"https:\/\/kecheslaw.com\/#organization\",\"name\":\"Keches Law Group\",\"url\":\"https:\/\/kecheslaw.com\/\",\"logo\":{\"@type\":\"ImageObject\",\"inLanguage\":\"pt-BR\",\"@id\":\"https:\/\/kecheslaw.com\/#\/schema\/logo\/image\/\",\"url\":\"https:\/\/kecheslaw.com\/wp-content\/uploads\/2018\/12\/sitefavicon.png\",\"contentUrl\":\"https:\/\/kecheslaw.com\/wp-content\/uploads\/2018\/12\/sitefavicon.png\",\"width\":512,\"height\":512,\"caption\":\"Keches Law Group\"},\"image\":{\"@id\":\"https:\/\/kecheslaw.com\/#\/schema\/logo\/image\/\"},\"sameAs\":[\"https:\/\/www.facebook.com\/kecheslaw\/\",\"https:\/\/twitter.com\/kecheslaw\",\"http:\/\/instagram.com\/kecheslaw\",\"https:\/\/www.linkedin.com\/company\/keches-law-group-pc\/about\/\",\"https:\/\/www.youtube.com\/channel\/UCtgkXK4oA0WNIO8HYmVIE9A\"]},{\"@type\":\"Person\",\"@id\":\"https:\/\/kecheslaw.com\/#\/schema\/person\/2b52eae2dfe05fb8089bdb05ab48afb7\",\"name\":\"Keches Law\",\"image\":{\"@type\":\"ImageObject\",\"inLanguage\":\"pt-BR\",\"@id\":\"https:\/\/kecheslaw.com\/#\/schema\/person\/image\/\",\"url\":\"https:\/\/secure.gravatar.com\/avatar\/eace63f94ea96157bdaf3eeb1fc48b41a86ac22603d1d3c3812ac6fd6992dc77?s=96&d=mm&r=g\",\"contentUrl\":\"https:\/\/secure.gravatar.com\/avatar\/eace63f94ea96157bdaf3eeb1fc48b41a86ac22603d1d3c3812ac6fd6992dc77?s=96&d=mm&r=g\",\"caption\":\"Keches Law\"},\"sameAs\":[\"http:\/\/kecheslaw.wpengine.com\"],\"url\":\"https:\/\/kecheslaw.com\/pt\/author\/kecheslaw\/\"}]}<\/script>\n<!-- \/ Yoast SEO Premium plugin. -->","yoast_head_json":{"title":"PTSD Workers' Comp: Do I Have a Claim? - Keches Law Group","description":"Millions of Americans suffer from PTSD, many from work-related incidents. If you have PTSD, you may be eligible for workers' compensation.","robots":{"index":"index","follow":"follow","max-snippet":"max-snippet:-1","max-image-preview":"max-image-preview:large","max-video-preview":"max-video-preview:-1"},"canonical":"https:\/\/kecheslaw.com\/pt\/noticias\/ptsd-and-workers-compensation-do-i-have-a-claim\/","og_locale":"pt_BR","og_type":"article","og_title":"PTSD and Workers' Compensation: Do I Have a Claim?","og_description":"Millions of Americans suffer from PTSD, many from work-related incidents. If you have PTSD, you may be eligible for workers' compensation.","og_url":"https:\/\/kecheslaw.com\/pt\/noticias\/ptsd-and-workers-compensation-do-i-have-a-claim\/","og_site_name":"Keches Law Group","article_publisher":"https:\/\/www.facebook.com\/kecheslaw\/","article_published_time":"2021-04-09T15:14:30+00:00","article_modified_time":"2021-04-09T15:14:32+00:00","og_image":[{"width":1280,"height":853,"url":"https:\/\/kecheslaw.com\/wp-content\/uploads\/2021\/04\/pexels-cedric-fauntleroy-4270365.jpg","type":"image\/jpeg"}],"author":"Keches Law","twitter_card":"summary_large_image","twitter_creator":"@kecheslaw","twitter_site":"@kecheslaw","twitter_misc":{"Escrito por":"Keches Law","Est. tempo de leitura":"3 minutos"},"schema":{"@context":"https:\/\/schema.org","@graph":[{"@type":"Article","@id":"https:\/\/kecheslaw.com\/news\/ptsd-and-workers-compensation-do-i-have-a-claim\/#article","isPartOf":{"@id":"https:\/\/kecheslaw.com\/news\/ptsd-and-workers-compensation-do-i-have-a-claim\/"},"author":{"name":"Keches Law","@id":"https:\/\/kecheslaw.com\/#\/schema\/person\/2b52eae2dfe05fb8089bdb05ab48afb7"},"headline":"PTSD and Workers&#8217; Compensation: Do I Have a Claim?","datePublished":"2021-04-09T15:14:30+00:00","dateModified":"2021-04-09T15:14:32+00:00","mainEntityOfPage":{"@id":"https:\/\/kecheslaw.com\/news\/ptsd-and-workers-compensation-do-i-have-a-claim\/"},"wordCount":641,"publisher":{"@id":"https:\/\/kecheslaw.com\/#organization"},"articleSection":["News"],"inLanguage":"pt-BR"},{"@type":"WebPage","@id":"https:\/\/kecheslaw.com\/news\/ptsd-and-workers-compensation-do-i-have-a-claim\/","url":"https:\/\/kecheslaw.com\/news\/ptsd-and-workers-compensation-do-i-have-a-claim\/","name":"PTSD Workers' Comp: Do I Have a Claim? - Keches Law Group","isPartOf":{"@id":"https:\/\/kecheslaw.com\/#website"},"datePublished":"2021-04-09T15:14:30+00:00","dateModified":"2021-04-09T15:14:32+00:00","description":"Millions of Americans suffer from PTSD, many from work-related incidents. If you have PTSD, you may be eligible for workers' compensation.","inLanguage":"pt-BR","potentialAction":[{"@type":"ReadAction","target":["https:\/\/kecheslaw.com\/news\/ptsd-and-workers-compensation-do-i-have-a-claim\/"]}]},{"@type":"WebSite","@id":"https:\/\/kecheslaw.com\/#website","url":"https:\/\/kecheslaw.com\/","name":"Keches Law Group","description":"Workers&#039; Compensation and Injury Lawyers","publisher":{"@id":"https:\/\/kecheslaw.com\/#organization"},"potentialAction":[{"@type":"SearchAction","target":{"@type":"EntryPoint","urlTemplate":"https:\/\/kecheslaw.com\/?s={search_term_string}"},"query-input":"required name=search_term_string"}],"inLanguage":"pt-BR"},{"@type":"Organization","@id":"https:\/\/kecheslaw.com\/#organization","name":"Keches Law Group","url":"https:\/\/kecheslaw.com\/","logo":{"@type":"ImageObject","inLanguage":"pt-BR","@id":"https:\/\/kecheslaw.com\/#\/schema\/logo\/image\/","url":"https:\/\/kecheslaw.com\/wp-content\/uploads\/2018\/12\/sitefavicon.png","contentUrl":"https:\/\/kecheslaw.com\/wp-content\/uploads\/2018\/12\/sitefavicon.png","width":512,"height":512,"caption":"Keches Law Group"},"image":{"@id":"https:\/\/kecheslaw.com\/#\/schema\/logo\/image\/"},"sameAs":["https:\/\/www.facebook.com\/kecheslaw\/","https:\/\/twitter.com\/kecheslaw","http:\/\/instagram.com\/kecheslaw","https:\/\/www.linkedin.com\/company\/keches-law-group-pc\/about\/","https:\/\/www.youtube.com\/channel\/UCtgkXK4oA0WNIO8HYmVIE9A"]},{"@type":"Person","@id":"https:\/\/kecheslaw.com\/#\/schema\/person\/2b52eae2dfe05fb8089bdb05ab48afb7","name":"Keches Law","image":{"@type":"ImageObject","inLanguage":"pt-BR","@id":"https:\/\/kecheslaw.com\/#\/schema\/person\/image\/","url":"https:\/\/secure.gravatar.com\/avatar\/eace63f94ea96157bdaf3eeb1fc48b41a86ac22603d1d3c3812ac6fd6992dc77?s=96&d=mm&r=g","contentUrl":"https:\/\/secure.gravatar.com\/avatar\/eace63f94ea96157bdaf3eeb1fc48b41a86ac22603d1d3c3812ac6fd6992dc77?s=96&d=mm&r=g","caption":"Keches Law"},"sameAs":["http:\/\/kecheslaw.wpengine.com"],"url":"https:\/\/kecheslaw.com\/pt\/author\/kecheslaw\/"}]}},"_links":{"self":[{"href":"https:\/\/kecheslaw.com\/pt\/wp-json\/wp\/v2\/posts\/3854","targetHints":{"allow":["GET"]}}],"collection":[{"href":"https:\/\/kecheslaw.com\/pt\/wp-json\/wp\/v2\/posts"}],"about":[{"href":"https:\/\/kecheslaw.com\/pt\/wp-json\/wp\/v2\/types\/post"}],"author":[{"embeddable":true,"href":"https:\/\/kecheslaw.com\/pt\/wp-json\/wp\/v2\/users\/2"}],"replies":[{"embeddable":true,"href":"https:\/\/kecheslaw.com\/pt\/wp-json\/wp\/v2\/comments?post=3854"}],"version-history":[{"count":0,"href":"https:\/\/kecheslaw.com\/pt\/wp-json\/wp\/v2\/posts\/3854\/revisions"}],"wp:featuredmedia":[{"embeddable":true,"href":"https:\/\/kecheslaw.com\/pt\/wp-json\/wp\/v2\/media\/3857"}],"wp:attachment":[{"href":"https:\/\/kecheslaw.com\/pt\/wp-json\/wp\/v2\/media?parent=3854"}],"wp:term":[{"taxonomy":"category","embeddable":true,"href":"https:\/\/kecheslaw.com\/pt\/wp-json\/wp\/v2\/categories?post=3854"},{"taxonomy":"post_tag","embeddable":true,"href":"https:\/\/kecheslaw.com\/pt\/wp-json\/wp\/v2\/tags?post=3854"}],"curies":[{"name":"wp","href":"https:\/\/api.w.org\/{rel}","templated":true}]}}